
{"id":2658,"date":"2016-12-30T08:46:03","date_gmt":"2016-12-30T06:46:03","guid":{"rendered":"http:\/\/www.fotoyener.com\/?p=2658"},"modified":"2017-01-12T10:13:14","modified_gmt":"2017-01-12T08:13:14","slug":"biyometik-fotograf-cekimi","status":"publish","type":"post","link":"https:\/\/www.fotoyener.com\/index.php\/2016\/12\/30\/biyometik-fotograf-cekimi\/","title":{"rendered":"Pasaport Biyometik Foto\u011fraf \u00c7ekimi"},"content":{"rendered":"<p>Pasaport Biyometrik ;<br \/>\n2016 ocak ay\u0131 itibari ile yeni cipli T\u00fcrkiye Cumhuriyeti pasaport foto\u011fraf ebatlar\u0131, 50mm x 60 yada 5cm x 6cm biyometrik foto\u011fraf olarak belirlenmi\u015ftir.<\/p>\n<p><strong>Dikkat edilmesi gerekenler ;<\/strong><br \/>\nArka fon beyaz olaca\u011f\u0131ndan k\u0131yafetiniz beyaz renkte olamamal\u0131d\u0131r. Ba\u015f\u00f6rt\u00fcl\u00fc iseniz ba\u015f\u00f6rt\u00fcn\u00fcz beyaz renkte olamamal\u0131, ka\u015flar\u0131n\u0131z ve \u00e7ene k\u0131sm\u0131n\u0131z kapanmayacak bir \u015fekilde olacakt\u0131r.E\u011fer sa\u00e7\u0131n\u0131z a\u00e7\u0131k ise iki kulak a\u00e7\u0131k olmal\u0131 d\u00fcz cepheden iki kulak g\u00f6z\u00fckmelidir. kolye, k\u00fcpe, piercing gibi aksesuarlar olamamal\u0131d\u0131r. Foto\u011fraf \u00e7ekilirken g\u00fcl\u00fcmseme yani y\u00fcz mimikleri olamamal\u0131d\u0131r.<\/p>\n<p><strong>Foto\u011fraf \u00f6zellikleri ;<\/strong><br \/>\nbayanlar ve baylarda al\u0131n ile \u00e7ene k\u0131sm\u0131 aras\u0131 uzunluk 32mm \u2013 36mm olmal\u0131d\u0131r.<\/p>\n","protected":false},"excerpt":{"rendered":"<p>Pasaport Biyometrik ; 2016 ocak ay\u0131 itibari ile yeni cipli T\u00fcrkiye Cumhuriyeti pasaport foto\u011fraf ebatlar\u0131, 50mm x 60 yada 5cm x 6cm biyometrik foto\u011fraf olarak belirlenmi\u015ftir. Dikkat edilmesi gerekenler ; Arka fon beyaz olaca\u011f\u0131ndan k\u0131yafetiniz beyaz renkte olamamal\u0131d\u0131r. Ba\u015f\u00f6rt\u00fcl\u00fc iseniz ba\u015f\u00f6rt\u00fcn\u00fcz beyaz renkte olamamal\u0131, ka\u015flar\u0131n\u0131z ve \u00e7ene k\u0131sm\u0131n\u0131z kapanmayacak bir \u015fekilde olacakt\u0131r.E\u011fer sa\u00e7\u0131n\u0131z a\u00e7\u0131k ise iki kulak a\u00e7\u0131k olmal\u0131 d\u00fcz cepheden iki kulak g\u00f6z\u00fckmelidir. kolye, k\u00fcpe, piercing gibi aksesuarlar olamamal\u0131d\u0131r. Foto\u011fraf \u00e7ekilirken g\u00fcl\u00fcmseme yani y\u00fcz mimikleri olamamal\u0131d\u0131r. Foto\u011fraf \u00f6zellikleri ; bayanlar ve baylarda al\u0131n ile \u00e7ene k\u0131sm\u0131 aras\u0131 uzunluk 32mm \u2013 36mm olmal\u0131d\u0131r.<\/p>\n","protected":false},"author":1,"featured_media":2729,"comment_status":"closed","ping_status":"closed","sticky":false,"template":"","format":"image","meta":[],"categories":[52],"tags":[],"_links":{"self":[{"href":"https:\/\/www.fotoyener.com\/index.php\/wp-json\/wp\/v2\/posts\/2658"}],"collection":[{"href":"https:\/\/www.fotoyener.com\/index.php\/wp-json\/wp\/v2\/posts"}],"about":[{"href":"https:\/\/www.fotoyener.com\/index.php\/wp-json\/wp\/v2\/types\/post"}],"author":[{"embeddable":true,"href":"https:\/\/www.fotoyener.com\/index.php\/wp-json\/wp\/v2\/users\/1"}],"replies":[{"embeddable":true,"href":"https:\/\/www.fotoyener.com\/index.php\/wp-json\/wp\/v2\/comments?post=2658"}],"version-history":[{"count":3,"href":"https:\/\/www.fotoyener.com\/index.php\/wp-json\/wp\/v2\/posts\/2658\/revisions"}],"predecessor-version":[{"id":2686,"href":"https:\/\/www.fotoyener.com\/index.php\/wp-json\/wp\/v2\/posts\/2658\/revisions\/2686"}],"wp:featuredmedia":[{"embeddable":true,"href":"https:\/\/www.fotoyener.com\/index.php\/wp-json\/wp\/v2\/media\/2729"}],"wp:attachment":[{"href":"https:\/\/www.fotoyener.com\/index.php\/wp-json\/wp\/v2\/media?parent=2658"}],"wp:term":[{"taxonomy":"category","embeddable":true,"href":"https:\/\/www.fotoyener.com\/index.php\/wp-json\/wp\/v2\/categories?post=2658"},{"taxonomy":"post_tag","embeddable":true,"href":"https:\/\/www.fotoyener.com\/index.php\/wp-json\/wp\/v2\/tags?post=2658"}],"curies":[{"name":"wp","href":"https:\/\/api.w.org\/{rel}","templated":true}]}}