
{"id":2662,"date":"2016-12-30T08:47:16","date_gmt":"2016-12-30T06:47:16","guid":{"rendered":"http:\/\/www.fotoyener.com\/?p=2662"},"modified":"2016-12-30T10:01:40","modified_gmt":"2016-12-30T08:01:40","slug":"cankaya-nobetci-fotografci","status":"publish","type":"post","link":"https:\/\/www.fotoyener.com\/index.php\/2016\/12\/30\/cankaya-nobetci-fotografci\/","title":{"rendered":"\u00c7ankaya N\u00f6bet\u00e7i Foto\u011fraf\u00e7\u0131"},"content":{"rendered":"<p>N\u00f6bet\u00e7i foto\u011fraf\u00e7\u0131<br \/>\nAnkara \u00c7ankaya Turan G\u00fcne\u015f Bulvar\u0131 \u00fczerinde bulunan foto\u011fraf st\u00fcdyomuz da hafta i\u00e7i ve hafta sonu da dahil olmak \u00fczere gece 00:00 \u2013 01:00 saatlerine kadar a\u00e7\u0131k olarak hizmet vermekteyiz.<\/p>\n","protected":false},"excerpt":{"rendered":"<p>N\u00f6bet\u00e7i foto\u011fraf\u00e7\u0131 Ankara \u00c7ankaya Turan G\u00fcne\u015f Bulvar\u0131 \u00fczerinde bulunan foto\u011fraf st\u00fcdyomuz da hafta i\u00e7i ve hafta sonu da dahil olmak \u00fczere gece 00:00 \u2013 01:00 saatlerine kadar a\u00e7\u0131k olarak hizmet vermekteyiz.<\/p>\n","protected":false},"author":1,"featured_media":2698,"comment_status":"closed","ping_status":"closed","sticky":false,"template":"","format":"image","meta":[],"categories":[52],"tags":[],"_links":{"self":[{"href":"https:\/\/www.fotoyener.com\/index.php\/wp-json\/wp\/v2\/posts\/2662"}],"collection":[{"href":"https:\/\/www.fotoyener.com\/index.php\/wp-json\/wp\/v2\/posts"}],"about":[{"href":"https:\/\/www.fotoyener.com\/index.php\/wp-json\/wp\/v2\/types\/post"}],"author":[{"embeddable":true,"href":"https:\/\/www.fotoyener.com\/index.php\/wp-json\/wp\/v2\/users\/1"}],"replies":[{"embeddable":true,"href":"https:\/\/www.fotoyener.com\/index.php\/wp-json\/wp\/v2\/comments?post=2662"}],"version-history":[{"count":3,"href":"https:\/\/www.fotoyener.com\/index.php\/wp-json\/wp\/v2\/posts\/2662\/revisions"}],"predecessor-version":[{"id":2689,"href":"https:\/\/www.fotoyener.com\/index.php\/wp-json\/wp\/v2\/posts\/2662\/revisions\/2689"}],"wp:featuredmedia":[{"embeddable":true,"href":"https:\/\/www.fotoyener.com\/index.php\/wp-json\/wp\/v2\/media\/2698"}],"wp:attachment":[{"href":"https:\/\/www.fotoyener.com\/index.php\/wp-json\/wp\/v2\/media?parent=2662"}],"wp:term":[{"taxonomy":"category","embeddable":true,"href":"https:\/\/www.fotoyener.com\/index.php\/wp-json\/wp\/v2\/categories?post=2662"},{"taxonomy":"post_tag","embeddable":true,"href":"https:\/\/www.fotoyener.com\/index.php\/wp-json\/wp\/v2\/tags?post=2662"}],"curies":[{"name":"wp","href":"https:\/\/api.w.org\/{rel}","templated":true}]}}